{"id":7436,"date":"2019-01-04T10:39:18","date_gmt":"2019-01-04T09:39:18","guid":{"rendered":"https:\/\/www.nvlogistics.com\/?p=7436"},"modified":"2019-01-04T10:48:44","modified_gmt":"2019-01-04T09:48:44","slug":"2019-nouvelle-etape","status":"publish","type":"post","link":"https:\/\/www.nvlogistics.com\/fr\/2019-nouvelle-etape\/","title":{"rendered":"En 2019 NV Logistics franchira une nouvelle \u00e9tape !!!"},"content":{"rendered":"<p><img fetchpriority=\"high\" decoding=\"async\" class=\"alignnone size-full wp-image-7437\" src=\"https:\/\/www.nvlogistics.com\/wp-content\/uploads\/2019\/01\/2019.jpg\" alt=\"\" width=\"800\" height=\"450\" srcset=\"https:\/\/www.nvlogistics.com\/wp-content\/uploads\/2019\/01\/2019.jpg 800w, https:\/\/www.nvlogistics.com\/wp-content\/uploads\/2019\/01\/2019-300x169.jpg 300w, https:\/\/www.nvlogistics.com\/wp-content\/uploads\/2019\/01\/2019-768x432.jpg 768w\" sizes=\"(max-width: 800px) 100vw, 800px\" \/><\/p>\n<p>L&rsquo;\u00e9quipe NV Logistics s&rsquo;est rapidement\u00a0d\u00e9velopp\u00e9e ces derni\u00e8res ann\u00e9es gr\u00e2ce \u00e0 un service pointu et de haute qualit\u00e9 offert\u00a0\u00e0 sa\u00a0client\u00e8le.<\/p>\n<p>Afin d&rsquo;absorber au mieux cette activit\u00e9\u00a0croissante\u00a0et maintenir un\u00a0environnement de\u00a0travail de qualit\u00e9 \u00e0\u00a0notre \u00e9quipe,\u00a0le service\u00a0\u00ab\u00a0Op\u00e9rations\u00a0\u00bb dirig\u00e9 par Tobias Magalhaes a rejoint <strong>d\u00e8s le 1er janvier 2019<\/strong>\u00a0de\u00a0nouveaux bureaux plus spacieux et fonctionnels\u00a0situ\u00e9s \u00e0 Satigny dans la <strong>zone industrielle de la ZIMEYSA <\/strong>proche de l&rsquo;a\u00e9roport.<\/p>\n<p>Dans une deuxi\u00e8me phase, <strong>\u00e0 partir du\u00a01er avril prochain<\/strong>, nous transf\u00e9rerons sur ce m\u00eame site nos activit\u00e9s de stockage actuellement \u00e0 Meyrin\u00a0dans un <strong>nouvel entrep\u00f4t de pr\u00e8s de 600 m2<\/strong> et offrant pr\u00e8s de\u00a0<strong>500 palettes de capacit\u00e9 <\/strong>de stockage. Le regroupement de ces\u00a0activit\u00e9s sur ce m\u00eame site nous permettra ainsi de\u00a0gagner en efficience et en\u00a0r\u00e9activit\u00e9.<\/p>\n<h4 class=\"null\"><strong>Informations importantes concernant ce d\u00e9m\u00e9nagement :<\/strong><\/h4>\n<ul>\n<li class=\"null\">Le\u00a0num\u00e9ro\u00a0de t\u00e9l\u00e9phone principal reste inchang\u00e9 ainsi que les extensions pour atteindre notre \u00e9quipe<\/li>\n<li class=\"null\">L&rsquo;adresse\u00a0de nos nouveaux bureaux est la suivante :<br \/>\n<a href=\"https:\/\/nvlogistics.us6.list-manage.com\/track\/click?u=38a2fdba2ba62fdb4b1e1abfe&amp;id=df89054fcd&amp;e=7b211518ae\" target=\"_blank\" rel=\"noopener\">Rue Pr\u00e9 de la Fontaine 19 &#8211; 1242 Satigny<\/a><\/li>\n<li class=\"null\">La Direction, l&rsquo;administration et le service \u00ab\u00a0sp\u00e9cialit\u00e9s\u00a0\u00bb\u00a0resteront toujours \u00e0 la halle de fret\u00a0de\u00a0l&rsquo;a\u00e9roport de Gen\u00e8ve dans le\u00a0bureau 074 &#8211; Etage E<\/li>\n<li>L&rsquo;adresse pour le courrier postal reste inchang\u00e9e<\/li>\n<\/ul>\n<p>Pour toute question, n&rsquo;h\u00e9sitez pas \u00e0 contacter notre \u00e9quipe par email ou par t\u00e9l\u00e9phone.<\/p>\n<p>L&rsquo;\u00e9quipe NV vous souhaite une excellente ann\u00e9e 2019!<\/p>\n","protected":false},"excerpt":{"rendered":"<p>L&rsquo;\u00e9quipe NV Logistics s&rsquo;est rapidement\u00a0d\u00e9velopp\u00e9e ces derni\u00e8res ann\u00e9es gr\u00e2ce \u00e0 un service pointu et de haute qualit\u00e9 offert\u00a0\u00e0 sa\u00a0client\u00e8le. Afin d&rsquo;absorber au mieux cette activit\u00e9\u00a0croissante\u00a0et maintenir un\u00a0environnement de\u00a0travail de qualit\u00e9 \u00e0\u00a0notre \u00e9quipe,\u00a0le service\u00a0\u00ab\u00a0Op\u00e9rations\u00a0\u00bb dirig\u00e9 par Tobias Magalhaes a rejoint d\u00e8s le 1er janvier 2019\u00a0de\u00a0nouveaux bureaux plus spacieux et fonctionnels\u00a0situ\u00e9s \u00e0 Satigny dans la zone industrielle [&hellip;]<\/p>\n","protected":false},"author":7,"featured_media":7445,"comment_status":"open","ping_status":"open","sticky":false,"template":"","format":"standard","meta":{"_genesis_hide_title":false,"_genesis_hide_breadcrumbs":false,"_genesis_hide_singular_image":false,"_genesis_hide_footer_widgets":false,"_genesis_custom_body_class":"","_genesis_custom_post_class":"","_genesis_layout":"","footnotes":""},"categories":[142],"tags":[],"class_list":{"0":"post-7436","1":"post","2":"type-post","3":"status-publish","4":"format-standard","5":"has-post-thumbnail","7":"category-actualites","8":"entry"},"_links":{"self":[{"href":"https:\/\/www.nvlogistics.com\/fr\/wp-json\/wp\/v2\/posts\/7436","targetHints":{"allow":["GET"]}}],"collection":[{"href":"https:\/\/www.nvlogistics.com\/fr\/wp-json\/wp\/v2\/posts"}],"about":[{"href":"https:\/\/www.nvlogistics.com\/fr\/wp-json\/wp\/v2\/types\/post"}],"author":[{"embeddable":true,"href":"https:\/\/www.nvlogistics.com\/fr\/wp-json\/wp\/v2\/users\/7"}],"replies":[{"embeddable":true,"href":"https:\/\/www.nvlogistics.com\/fr\/wp-json\/wp\/v2\/comments?post=7436"}],"version-history":[{"count":7,"href":"https:\/\/www.nvlogistics.com\/fr\/wp-json\/wp\/v2\/posts\/7436\/revisions"}],"predecessor-version":[{"id":7449,"href":"https:\/\/www.nvlogistics.com\/fr\/wp-json\/wp\/v2\/posts\/7436\/revisions\/7449"}],"wp:featuredmedia":[{"embeddable":true,"href":"https:\/\/www.nvlogistics.com\/fr\/wp-json\/wp\/v2\/media\/7445"}],"wp:attachment":[{"href":"https:\/\/www.nvlogistics.com\/fr\/wp-json\/wp\/v2\/media?parent=7436"}],"wp:term":[{"taxonomy":"category","embeddable":true,"href":"https:\/\/www.nvlogistics.com\/fr\/wp-json\/wp\/v2\/categories?post=7436"},{"taxonomy":"post_tag","embeddable":true,"href":"https:\/\/www.nvlogistics.com\/fr\/wp-json\/wp\/v2\/tags?post=7436"}],"curies":[{"name":"wp","href":"https:\/\/api.w.org\/{rel}","templated":true}]}}